{"id":14735,"date":"2025-12-01T10:00:00","date_gmt":"2025-12-01T09:00:00","guid":{"rendered":"https:\/\/www.principiumlife.com\/es\/?p=14735"},"modified":"2025-09-25T10:56:41","modified_gmt":"2025-09-25T08:56:41","slug":"como-reforzar-el-sistema-inmunitario-en-invierno","status":"publish","type":"post","link":"https:\/\/www.principiumlife.com\/es\/perspectivas\/como-reforzar-el-sistema-inmunitario-en-invierno\/","title":{"rendered":"C\u00f3mo reforzar el sistema inmunitario"},"content":{"rendered":"\t\t<div data-elementor-type=\"wp-post\" data-elementor-id=\"14735\" class=\"elementor elementor-14735\" data-elementor-post-type=\"post\">\n\t\t\t\t\t\t<section class=\"elementor-section elementor-top-section elementor-element elementor-element-64fb4c72 elementor-section-full_width first-section elementor-section-height-default elementor-section-height-default\" data-id=\"64fb4c72\" data-element_type=\"section\" data-e-type=\"section\" data-settings=\"{&quot;background_background&quot;:&quot;classic&quot;}\">\n\t\t\t\t\t\t\t<div class=\"elementor-background-overlay\"><\/div>\n\t\t\t\t\t\t\t<div class=\"elementor-container elementor-column-gap-no\">\n\t\t\t\t\t<div class=\"elementor-column elementor-col-100 elementor-top-column elementor-element elementor-element-75c476ce\" data-id=\"75c476ce\" data-element_type=\"column\" data-e-type=\"column\">\n\t\t\t<div class=\"elementor-widget-wrap elementor-element-populated\">\n\t\t\t\t\t\t<section class=\"elementor-section elementor-inner-section elementor-element elementor-element-55305b6d elementor-section-full_width elementor-section-height-default elementor-section-height-default\" data-id=\"55305b6d\" data-element_type=\"section\" data-e-type=\"section\">\n\t\t\t\t\t\t<div class=\"elementor-container elementor-column-gap-no\">\n\t\t\t\t\t<div class=\"elementor-column elementor-col-50 elementor-inner-column elementor-element elementor-element-1b106893\" data-id=\"1b106893\" data-element_type=\"column\" data-e-type=\"column\">\n\t\t\t<div class=\"elementor-widget-wrap elementor-element-populated\">\n\t\t\t\t\t\t<div class=\"elementor-element elementor-element-2994183b elementor-widget elementor-widget-heading\" data-id=\"2994183b\" data-element_type=\"widget\" data-e-type=\"widget\" data-widget_type=\"heading.default\">\n\t\t\t\t<div class=\"elementor-widget-container\">\n\t\t\t\t\t<h1 class=\"elementor-heading-title elementor-size-default\">C\u00f3mo reforzar el sistema inmunitario frente a los resfriados de temporada<\/h1>\t\t\t\t<\/div>\n\t\t\t\t<\/div>\n\t\t\t\t\t<\/div>\n\t\t<\/div>\n\t\t\t\t<div class=\"elementor-column elementor-col-50 elementor-inner-column elementor-element elementor-element-7323a08a elementor-hidden-tablet elementor-hidden-mobile\" data-id=\"7323a08a\" data-element_type=\"column\" data-e-type=\"column\">\n\t\t\t<div class=\"elementor-widget-wrap\">\n\t\t\t\t\t\t\t<\/div>\n\t\t<\/div>\n\t\t\t\t\t<\/div>\n\t\t<\/section>\n\t\t\t\t<section class=\"elementor-section elementor-inner-section elementor-element elementor-element-41aaefa7 elementor-section-full_width elementor-section-height-default elementor-section-height-default\" data-id=\"41aaefa7\" data-element_type=\"section\" data-e-type=\"section\">\n\t\t\t\t\t\t<div class=\"elementor-container elementor-column-gap-no\">\n\t\t\t\t\t<div class=\"elementor-column elementor-col-100 elementor-inner-column elementor-element elementor-element-751427f2\" data-id=\"751427f2\" data-element_type=\"column\" data-e-type=\"column\">\n\t\t\t<div class=\"elementor-widget-wrap elementor-element-populated\">\n\t\t\t\t\t\t<div class=\"elementor-element elementor-element-46ef6666 elementor-widget elementor-widget-html\" data-id=\"46ef6666\" data-element_type=\"widget\" data-e-type=\"widget\" data-widget_type=\"html.default\">\n\t\t\t\t<div class=\"elementor-widget-container\">\n\t\t\t\t\t<div class=\"linea-sezione linea-bianca\"><\/div>\t\t\t\t<\/div>\n\t\t\t\t<\/div>\n\t\t\t\t\t<\/div>\n\t\t<\/div>\n\t\t\t\t\t<\/div>\n\t\t<\/section>\n\t\t\t\t\t<\/div>\n\t\t<\/div>\n\t\t\t\t\t<\/div>\n\t\t<\/section>\n\t\t\t\t<section class=\"elementor-section elementor-top-section elementor-element elementor-element-6215b110 elementor-section-full_width elementor-section-height-default elementor-section-height-default\" data-id=\"6215b110\" data-element_type=\"section\" data-e-type=\"section\" data-settings=\"{&quot;background_background&quot;:&quot;classic&quot;}\">\n\t\t\t\t\t\t<div class=\"elementor-container elementor-column-gap-no\">\n\t\t\t\t\t<div class=\"elementor-column elementor-col-100 elementor-top-column elementor-element elementor-element-18481bf9\" data-id=\"18481bf9\" data-element_type=\"column\" data-e-type=\"column\">\n\t\t\t<div class=\"elementor-widget-wrap elementor-element-populated\">\n\t\t\t\t\t\t<div class=\"elementor-element elementor-element-7dc8c400 elementor-widget elementor-widget-html\" data-id=\"7dc8c400\" data-element_type=\"widget\" data-e-type=\"widget\" data-widget_type=\"html.default\">\n\t\t\t\t<div class=\"elementor-widget-container\">\n\t\t\t\t\t<div class=\"linea-sezione linea-verde\"><\/div>\t\t\t\t<\/div>\n\t\t\t\t<\/div>\n\t\t\t\t<div class=\"elementor-element elementor-element-69af9f9 elementor-widget elementor-widget-text-editor\" data-id=\"69af9f9\" data-element_type=\"widget\" data-e-type=\"widget\" data-widget_type=\"text-editor.default\">\n\t\t\t\t<div class=\"elementor-widget-container\">\n\t\t\t\t\t\t\t\t\t<p>Con la bajada de las temperaturas, nuestro sistema inmunitario se pone a prueba. Los <strong>virus de la gripe<\/strong> y los <strong>resfriados<\/strong> se vuelven m\u00e1s frecuentes, y para afrontar mejor los malestares t\u00edpicos de la temporada es fundamental potenciar nuestras defensas naturales y mantenerlas fuertes y reactivas.<br \/><br \/>Con h\u00e1bitos cotidianos sencillos y una correcta integraci\u00f3n nutricional es posible <strong>reforzar<\/strong> el <strong>sistema inmunitario<\/strong>: vamos a conocerlo mejor para poder apoyarlo en su funci\u00f3n defensiva.<\/p>\t\t\t\t\t\t\t\t<\/div>\n\t\t\t\t<\/div>\n\t\t\t\t\t<\/div>\n\t\t<\/div>\n\t\t\t\t\t<\/div>\n\t\t<\/section>\n\t\t\t\t<section class=\"elementor-section elementor-top-section elementor-element elementor-element-40e96dfa elementor-section-full_width elementor-section-height-default elementor-section-height-default\" data-id=\"40e96dfa\" data-element_type=\"section\" data-e-type=\"section\" data-settings=\"{&quot;background_background&quot;:&quot;gradient&quot;}\">\n\t\t\t\t\t\t<div class=\"elementor-container elementor-column-gap-no\">\n\t\t\t\t\t<div class=\"elementor-column elementor-col-100 elementor-top-column elementor-element elementor-element-6a31b473\" data-id=\"6a31b473\" data-element_type=\"column\" data-e-type=\"column\">\n\t\t\t<div class=\"elementor-widget-wrap elementor-element-populated\">\n\t\t\t\t\t\t<div class=\"elementor-element elementor-element-48c0df50 elementor-widget elementor-widget-heading\" data-id=\"48c0df50\" data-element_type=\"widget\" data-e-type=\"widget\" data-widget_type=\"heading.default\">\n\t\t\t\t<div class=\"elementor-widget-container\">\n\t\t\t\t\t<h2 class=\"elementor-heading-title elementor-size-default\">El papel crucial del sistema inmunitario<\/h2>\t\t\t\t<\/div>\n\t\t\t\t<\/div>\n\t\t\t\t<div class=\"elementor-element elementor-element-43d1b6b mobile-flex-center-div elementor-widget elementor-widget-text-editor\" data-id=\"43d1b6b\" data-element_type=\"widget\" data-e-type=\"widget\" data-widget_type=\"text-editor.default\">\n\t\t\t\t<div class=\"elementor-widget-container\">\n\t\t\t\t\t\t\t\t\t<p>El <strong>sistema inmunitario<\/strong> est\u00e1 formado por c\u00e9lulas, tejidos y \u00f3rganos que nos defienden de agentes externos potencialmente da\u00f1inos. Evita la entrada de virus y bacterias y los neutraliza si consiguen superar nuestras barreras protectoras.<br \/><br \/>Funciona en dos niveles: la <strong>inmunidad innata<\/strong> \u2013 presente desde el nacimiento \u2013 y la <strong>inmunidad adquirida<\/strong>, que aprende progresivamente a reconocer y combatir ant\u00edgenos espec\u00edficos provenientes del exterior.<br \/><br \/>El sistema inmunitario protege as\u00ed al organismo de numerosas infecciones. Sin embargo, situaciones de estr\u00e9s, una mala alimentaci\u00f3n o la falta de sue\u00f1o pueden <strong>comprometer su capacidad defensiva<\/strong>.<\/p>\t\t\t\t\t\t\t\t<\/div>\n\t\t\t\t<\/div>\n\t\t\t\t\t<\/div>\n\t\t<\/div>\n\t\t\t\t\t<\/div>\n\t\t<\/section>\n\t\t\t\t<section class=\"elementor-section elementor-top-section elementor-element elementor-element-3caed2ef elementor-section-full_width elementor-section-height-default elementor-section-height-default\" data-id=\"3caed2ef\" data-element_type=\"section\" data-e-type=\"section\" data-settings=\"{&quot;background_background&quot;:&quot;classic&quot;}\">\n\t\t\t\t\t\t<div class=\"elementor-container elementor-column-gap-no\">\n\t\t\t\t\t<div class=\"elementor-column elementor-col-100 elementor-top-column elementor-element elementor-element-3d91342d\" data-id=\"3d91342d\" data-element_type=\"column\" data-e-type=\"column\">\n\t\t\t<div class=\"elementor-widget-wrap elementor-element-populated\">\n\t\t\t\t\t\t<div class=\"elementor-element elementor-element-78075e2 elementor-widget elementor-widget-heading\" data-id=\"78075e2\" data-element_type=\"widget\" data-e-type=\"widget\" data-widget_type=\"heading.default\">\n\t\t\t\t<div class=\"elementor-widget-container\">\n\t\t\t\t\t<h2 class=\"elementor-heading-title elementor-size-default\">Se\u00f1ales de un sistema inmunitario d\u00e9bil<\/h2>\t\t\t\t<\/div>\n\t\t\t\t<\/div>\n\t\t\t\t<div class=\"elementor-element elementor-element-5cb62bc elementor-widget elementor-widget-text-editor\" data-id=\"5cb62bc\" data-element_type=\"widget\" data-e-type=\"widget\" data-widget_type=\"text-editor.default\">\n\t\t\t\t<div class=\"elementor-widget-container\">\n\t\t\t\t\t\t\t\t\t<p>M\u00e1s all\u00e1 de enfermedades espec\u00edficas, el <strong>sistema inmunitario puede debilitarse<\/strong> tambi\u00e9n por factores como:<\/p><ul><li>consumo excesivo de tabaco y alcohol<\/li><li>alimentaci\u00f3n desequilibrada<\/li><li>estr\u00e9s f\u00edsico y mental<\/li><li>sedentarismo<\/li><li>cambios bruscos de temperatura<\/li><li>uso de determinados medicamentos<\/li><\/ul>\t\t\t\t\t\t\t\t<\/div>\n\t\t\t\t<\/div>\n\t\t\t\t<div class=\"elementor-element elementor-element-e05c7f9 elementor-widget elementor-widget-text-editor\" data-id=\"e05c7f9\" data-element_type=\"widget\" data-e-type=\"widget\" data-widget_type=\"text-editor.default\">\n\t\t\t\t<div class=\"elementor-widget-container\">\n\t\t\t\t\t\t\t\t\t<p>\u201c\u00bfPor qu\u00e9 me pongo malo tan a menudo?\u201d Un sistema inmunitario debilitado se manifiesta con mayor susceptibilidad a resfriados, gripes e infecciones varias. <strong>Reconocer estos signos es clave<\/strong> para intervenir a tiempo y adoptar medidas preventivas eficaces.<\/p>\t\t\t\t\t\t\t\t<\/div>\n\t\t\t\t<\/div>\n\t\t\t\t\t<\/div>\n\t\t<\/div>\n\t\t\t\t\t<\/div>\n\t\t<\/section>\n\t\t\t\t<section class=\"elementor-section elementor-top-section elementor-element elementor-element-37694f9 elementor-section-full_width elementor-section-height-default elementor-section-height-default\" data-id=\"37694f9\" data-element_type=\"section\" data-e-type=\"section\" data-settings=\"{&quot;background_background&quot;:&quot;gradient&quot;}\">\n\t\t\t\t\t\t<div class=\"elementor-container elementor-column-gap-no\">\n\t\t\t\t\t<div class=\"elementor-column elementor-col-100 elementor-top-column elementor-element elementor-element-57b4d18\" data-id=\"57b4d18\" data-element_type=\"column\" data-e-type=\"column\">\n\t\t\t<div class=\"elementor-widget-wrap elementor-element-populated\">\n\t\t\t\t\t\t<div class=\"elementor-element elementor-element-2c0c609 elementor-widget elementor-widget-heading\" data-id=\"2c0c609\" data-element_type=\"widget\" data-e-type=\"widget\" data-widget_type=\"heading.default\">\n\t\t\t\t<div class=\"elementor-widget-container\">\n\t\t\t\t\t<h2 class=\"elementor-heading-title elementor-size-default\">Buenos h\u00e1bitos para aumentar las defensas inmunitarias<\/h2>\t\t\t\t<\/div>\n\t\t\t\t<\/div>\n\t\t\t\t<section class=\"elementor-section elementor-inner-section elementor-element elementor-element-f2ea933 elementor-section-full_width elementor-section-height-default elementor-section-height-default\" data-id=\"f2ea933\" data-element_type=\"section\" data-e-type=\"section\">\n\t\t\t\t\t\t<div class=\"elementor-container elementor-column-gap-default\">\n\t\t\t\t\t<div class=\"elementor-column elementor-col-50 elementor-inner-column elementor-element elementor-element-551b66e\" data-id=\"551b66e\" data-element_type=\"column\" data-e-type=\"column\">\n\t\t\t<div class=\"elementor-widget-wrap elementor-element-populated\">\n\t\t\t\t\t\t<div class=\"elementor-element elementor-element-3717cae elementor-widget elementor-widget-text-editor\" data-id=\"3717cae\" data-element_type=\"widget\" data-e-type=\"widget\" data-widget_type=\"text-editor.default\">\n\t\t\t\t<div class=\"elementor-widget-container\">\n\t\t\t\t\t\t\t\t\t<p>Cuando el sistema inmunitario funciona correctamente, <strong>los tiempos de recuperaci\u00f3n<\/strong> son m\u00e1s cortos, las heridas cicatrizan m\u00e1s r\u00e1pido, enfermamos con menor frecuencia y se reducen s\u00edntomas como ca\u00edda del cabello, dolores musculares y cansancio.<\/p><p>Algunos consejos <strong>para reforzar<\/strong> las defensas naturales.<\/p>\t\t\t\t\t\t\t\t<\/div>\n\t\t\t\t<\/div>\n\t\t\t\t\t<\/div>\n\t\t<\/div>\n\t\t\t\t<div class=\"elementor-column elementor-col-50 elementor-inner-column elementor-element elementor-element-c1a38b4\" data-id=\"c1a38b4\" data-element_type=\"column\" data-e-type=\"column\">\n\t\t\t<div class=\"elementor-widget-wrap elementor-element-populated\">\n\t\t\t\t\t\t<div class=\"elementor-element elementor-element-9b1d70d elementor-widget elementor-widget-image\" data-id=\"9b1d70d\" data-element_type=\"widget\" data-e-type=\"widget\" data-widget_type=\"image.default\">\n\t\t\t\t<div class=\"elementor-widget-container\">\n\t\t\t\t\t\t\t\t\t\t\t\t\t\t\t<img fetchpriority=\"high\" decoding=\"async\" width=\"1024\" height=\"683\" src=\"https:\/\/www.principiumlife.com\/es\/wp-content\/uploads\/sites\/3\/2025\/09\/aumentare-difese-immunitarie-alimentazione-1024x683.jpg\" class=\"attachment-large size-large wp-image-14737\" alt=\"\" srcset=\"https:\/\/www.principiumlife.com\/es\/wp-content\/uploads\/sites\/3\/2025\/09\/aumentare-difese-immunitarie-alimentazione-1024x683.jpg 1024w, https:\/\/www.principiumlife.com\/es\/wp-content\/uploads\/sites\/3\/2025\/09\/aumentare-difese-immunitarie-alimentazione-300x200.jpg 300w, https:\/\/www.principiumlife.com\/es\/wp-content\/uploads\/sites\/3\/2025\/09\/aumentare-difese-immunitarie-alimentazione-768x512.jpg 768w, https:\/\/www.principiumlife.com\/es\/wp-content\/uploads\/sites\/3\/2025\/09\/aumentare-difese-immunitarie-alimentazione-1536x1024.jpg 1536w, https:\/\/www.principiumlife.com\/es\/wp-content\/uploads\/sites\/3\/2025\/09\/aumentare-difese-immunitarie-alimentazione.jpg 1920w\" sizes=\"(max-width: 1024px) 100vw, 1024px\" \/>\t\t\t\t\t\t\t\t\t\t\t\t\t\t\t<\/div>\n\t\t\t\t<\/div>\n\t\t\t\t\t<\/div>\n\t\t<\/div>\n\t\t\t\t\t<\/div>\n\t\t<\/section>\n\t\t\t\t<div class=\"elementor-element elementor-element-4b929da elementor-widget elementor-widget-spacer\" data-id=\"4b929da\" data-element_type=\"widget\" data-e-type=\"widget\" data-widget_type=\"spacer.default\">\n\t\t\t\t<div class=\"elementor-widget-container\">\n\t\t\t\t\t\t\t<div class=\"elementor-spacer\">\n\t\t\t<div class=\"elementor-spacer-inner\"><\/div>\n\t\t<\/div>\n\t\t\t\t\t\t<\/div>\n\t\t\t\t<\/div>\n\t\t\t\t<div class=\"elementor-element elementor-element-3e23291 elementor-widget elementor-widget-text-editor\" data-id=\"3e23291\" data-element_type=\"widget\" data-e-type=\"widget\" data-widget_type=\"text-editor.default\">\n\t\t\t\t<div class=\"elementor-widget-container\">\n\t\t\t\t\t\t\t\t\t<ul><li>Seguir una <strong>dieta variada, completa y nutritiva<\/strong>. Las defensas funcionan mejor si no hay d\u00e9ficits, especialmente de Vitamina C, Vitamina D, Hierro, Selenio y Zinc.<\/li><li><strong>Practicar actividad f\u00edsica, preferiblemente al aire libre<\/strong>. En invierno es f\u00e1cil caer en el sedentarismo, pero la exposici\u00f3n al sol fortalece el sistema inmunitario, y los espacios abiertos reducen el riesgo de contagio. Eso s\u00ed: evita cambios bruscos de temperatura y no sobrecargues tu cuerpo, respeta siempre tu nivel y avanza gradualmente.<\/li><li>Mantener una adecuada <strong>higiene personal y de los espacios<\/strong>, sin obsesionarse. El sistema inmunitario necesita entrenarse desde la infancia: no exponerse a los pat\u00f3genos y estar en un entorno excesivamente est\u00e9ril puede tener el efecto contrario.<\/li><li><strong>Reducir el estr\u00e9s<\/strong>, ya que el cortisol debilita nuestras defensas naturales. Adem\u00e1s, el estr\u00e9s excesivo afecta negativamente al sue\u00f1o, fundamental para mantener un sistema inmune fuerte.<\/li><li>Evitar o reducir el consumo de tabaco y alcohol, que vuelven al organismo m\u00e1s vulnerable.<\/li><\/ul>\t\t\t\t\t\t\t\t<\/div>\n\t\t\t\t<\/div>\n\t\t\t\t\t<\/div>\n\t\t<\/div>\n\t\t\t\t\t<\/div>\n\t\t<\/section>\n\t\t\t\t<section class=\"elementor-section elementor-top-section elementor-element elementor-element-2e74450 elementor-section-full_width elementor-section-height-default elementor-section-height-default\" data-id=\"2e74450\" data-element_type=\"section\" data-e-type=\"section\" data-settings=\"{&quot;background_background&quot;:&quot;classic&quot;}\">\n\t\t\t\t\t\t<div class=\"elementor-container elementor-column-gap-no\">\n\t\t\t\t\t<div class=\"elementor-column elementor-col-100 elementor-top-column elementor-element elementor-element-40ab711\" data-id=\"40ab711\" data-element_type=\"column\" data-e-type=\"column\">\n\t\t\t<div class=\"elementor-widget-wrap elementor-element-populated\">\n\t\t\t\t\t\t<div class=\"elementor-element elementor-element-65cf007 elementor-widget elementor-widget-heading\" data-id=\"65cf007\" data-element_type=\"widget\" data-e-type=\"widget\" data-widget_type=\"heading.default\">\n\t\t\t\t<div class=\"elementor-widget-container\">\n\t\t\t\t\t<h2 class=\"elementor-heading-title elementor-size-default\">Micronutrientes que fortalecen el sistema inmunitario<\/h2>\t\t\t\t<\/div>\n\t\t\t\t<\/div>\n\t\t\t\t<section class=\"elementor-section elementor-inner-section elementor-element elementor-element-c7b9c7d elementor-section-full_width elementor-section-height-default elementor-section-height-default\" data-id=\"c7b9c7d\" data-element_type=\"section\" data-e-type=\"section\">\n\t\t\t\t\t\t<div class=\"elementor-container elementor-column-gap-default\">\n\t\t\t\t\t<div class=\"elementor-column elementor-col-50 elementor-inner-column elementor-element elementor-element-cd3f648\" data-id=\"cd3f648\" data-element_type=\"column\" data-e-type=\"column\">\n\t\t\t<div class=\"elementor-widget-wrap elementor-element-populated\">\n\t\t\t\t\t\t<div class=\"elementor-element elementor-element-9bc2772 elementor-widget elementor-widget-image\" data-id=\"9bc2772\" data-element_type=\"widget\" data-e-type=\"widget\" data-widget_type=\"image.default\">\n\t\t\t\t<div class=\"elementor-widget-container\">\n\t\t\t\t\t\t\t\t\t\t\t\t\t\t\t<img decoding=\"async\" width=\"1024\" height=\"683\" src=\"https:\/\/www.principiumlife.com\/es\/wp-content\/uploads\/sites\/3\/2025\/09\/micronutrienti-vitamina-c-1024x683.jpg\" class=\"attachment-large size-large wp-image-14738\" alt=\"\" srcset=\"https:\/\/www.principiumlife.com\/es\/wp-content\/uploads\/sites\/3\/2025\/09\/micronutrienti-vitamina-c-1024x683.jpg 1024w, https:\/\/www.principiumlife.com\/es\/wp-content\/uploads\/sites\/3\/2025\/09\/micronutrienti-vitamina-c-300x200.jpg 300w, https:\/\/www.principiumlife.com\/es\/wp-content\/uploads\/sites\/3\/2025\/09\/micronutrienti-vitamina-c-768x512.jpg 768w, https:\/\/www.principiumlife.com\/es\/wp-content\/uploads\/sites\/3\/2025\/09\/micronutrienti-vitamina-c-1536x1024.jpg 1536w, https:\/\/www.principiumlife.com\/es\/wp-content\/uploads\/sites\/3\/2025\/09\/micronutrienti-vitamina-c.jpg 1920w\" sizes=\"(max-width: 1024px) 100vw, 1024px\" \/>\t\t\t\t\t\t\t\t\t\t\t\t\t\t\t<\/div>\n\t\t\t\t<\/div>\n\t\t\t\t\t<\/div>\n\t\t<\/div>\n\t\t\t\t<div class=\"elementor-column elementor-col-50 elementor-inner-column elementor-element elementor-element-333276c\" data-id=\"333276c\" data-element_type=\"column\" data-e-type=\"column\">\n\t\t\t<div class=\"elementor-widget-wrap elementor-element-populated\">\n\t\t\t\t\t\t<div class=\"elementor-element elementor-element-2b4be30 elementor-widget elementor-widget-text-editor\" data-id=\"2b4be30\" data-element_type=\"widget\" data-e-type=\"widget\" data-widget_type=\"text-editor.default\">\n\t\t\t\t<div class=\"elementor-widget-container\">\n\t\t\t\t\t\t\t\t\t<p>La alimentaci\u00f3n y la inmunidad est\u00e1n estrechamente relacionadas. Una dieta equilibrada garantiza los nutrientes esenciales que el organismo no puede producir por s\u00ed mismo.<br \/><br \/>Entre los m\u00e1s<strong> importantes destacan Zinc, Vitamina D y Vitamina C.<\/strong> Sin embargo, no siempre la dieta cubre las cantidades necesarias.<\/p>\t\t\t\t\t\t\t\t<\/div>\n\t\t\t\t<\/div>\n\t\t\t\t\t<\/div>\n\t\t<\/div>\n\t\t\t\t\t<\/div>\n\t\t<\/section>\n\t\t\t\t<section class=\"elementor-section elementor-inner-section elementor-element elementor-element-de9f2d3 elementor-section-full_width elementor-section-height-default elementor-section-height-default\" data-id=\"de9f2d3\" data-element_type=\"section\" data-e-type=\"section\">\n\t\t\t\t\t\t<div class=\"elementor-container elementor-column-gap-default\">\n\t\t\t\t\t<div class=\"elementor-column elementor-col-100 elementor-inner-column elementor-element elementor-element-0737a60\" data-id=\"0737a60\" data-element_type=\"column\" data-e-type=\"column\">\n\t\t\t<div class=\"elementor-widget-wrap elementor-element-populated\">\n\t\t\t\t\t\t<div class=\"elementor-element elementor-element-a74924f elementor-widget elementor-widget-text-editor\" data-id=\"a74924f\" data-element_type=\"widget\" data-e-type=\"widget\" data-widget_type=\"text-editor.default\">\n\t\t\t\t<div class=\"elementor-widget-container\">\n\t\t\t\t\t\t\t\t\t<p>La <strong>Vitamina C<\/strong>, por ejemplo, se deteriora f\u00e1cilmente con el calor y la cocci\u00f3n de los alimentos. Adem\u00e1s, nuestro organismo no la produce de manera natural, por lo que debe incorporarse a trav\u00e9s de la dieta o de complementos alimenticios, preferiblemente de alta biodisponibilidad y en dosis adecuadas.<\/p>\t\t\t\t\t\t\t\t<\/div>\n\t\t\t\t<\/div>\n\t\t\t\t<div class=\"elementor-element elementor-element-14a4684 elementor-widget elementor-widget-heading\" data-id=\"14a4684\" data-element_type=\"widget\" data-e-type=\"widget\" data-widget_type=\"heading.default\">\n\t\t\t\t<div class=\"elementor-widget-container\">\n\t\t\t\t\t<h3 class=\"elementor-heading-title elementor-size-default\">Vitamina C: la vitamina por excelencia para la inmunidad<\/h3>\t\t\t\t<\/div>\n\t\t\t\t<\/div>\n\t\t\t\t<div class=\"elementor-element elementor-element-9050c11 elementor-widget elementor-widget-text-editor\" data-id=\"9050c11\" data-element_type=\"widget\" data-e-type=\"widget\" data-widget_type=\"text-editor.default\">\n\t\t\t\t<div class=\"elementor-widget-container\">\n\t\t\t\t\t\t\t\t\t<p>Tambi\u00e9n conocida como <strong>\u00e1cido asc\u00f3rbico,<\/strong> la Vitamina C es la protagonista indiscutible de los complementos del invierno. Est\u00e1 presente en c\u00edtricos (naranjas, limones, pomelos, limas), kiwis, pimientos, tomates, br\u00f3coli, coles y espinacas.<br \/>Adem\u00e1s de contribuir al sistema inmunitario, la Vitamina C combate los radicales libres gracias a su acci\u00f3n antioxidante, favorece la producci\u00f3n de col\u00e1geno y ayuda a reducir el cansancio y la fatiga.<\/p><p>Para optimizar su absorci\u00f3n, lo ideal es consumir los alimentos que la contienen crudos o poco cocinados, aunque no siempre es posible. Por eso, confiar en un <strong>complemento de calidad de alta calidad<\/strong> y monocomponente puede ser una buena estrategia para apoyar las defensas en los momentos m\u00e1s exigentes.<\/p><p>Por ejemplo, una ventaja que ofrecen algunos de <strong>los mejores complementos de Vitamina C<\/strong> es la tecnolog\u00eda de liberaci\u00f3n controlada, que garantizan un aporte gradual a lo largo del d\u00eda.<\/p><p>El consejo final: <strong>act\u00faa con prevenci\u00f3n<\/strong>. Cuanto antes entrenes y refuerces tu sistema inmunitario, mejor preparado estar\u00e1 para hacer frente a virus y pat\u00f3genos durante los meses fr\u00edos.<\/p>\t\t\t\t\t\t\t\t<\/div>\n\t\t\t\t<\/div>\n\t\t\t\t\t<\/div>\n\t\t<\/div>\n\t\t\t\t\t<\/div>\n\t\t<\/section>\n\t\t\t\t\t<\/div>\n\t\t<\/div>\n\t\t\t\t\t<\/div>\n\t\t<\/section>\n\t\t\t\t<section class=\"elementor-section elementor-top-section elementor-element elementor-element-3916bd2 elementor-section-full_width elementor-reverse-tablet elementor-reverse-mobile elementor-section-content-bottom elementor-section-height-default elementor-section-height-default\" data-id=\"3916bd2\" data-element_type=\"section\" data-e-type=\"section\" data-settings=\"{&quot;background_background&quot;:&quot;gradient&quot;}\">\n\t\t\t\t\t\t<div class=\"elementor-container elementor-column-gap-no\">\n\t\t\t\t\t<div class=\"elementor-column elementor-col-50 elementor-top-column elementor-element elementor-element-8f3ad58\" data-id=\"8f3ad58\" data-element_type=\"column\" data-e-type=\"column\" data-settings=\"{&quot;background_background&quot;:&quot;classic&quot;}\">\n\t\t\t<div class=\"elementor-widget-wrap elementor-element-populated\">\n\t\t\t\t\t\t<div class=\"elementor-element elementor-element-f7a1d68 elementor-widget elementor-widget-image\" data-id=\"f7a1d68\" data-element_type=\"widget\" data-e-type=\"widget\" data-widget_type=\"image.default\">\n\t\t\t\t<div class=\"elementor-widget-container\">\n\t\t\t\t\t\t\t\t\t\t\t\t\t\t\t<img decoding=\"async\" width=\"1024\" height=\"675\" src=\"https:\/\/www.principiumlife.com\/es\/wp-content\/uploads\/sites\/3\/2023\/07\/img-coppia-banner-1024x675.webp\" class=\"attachment-large size-large wp-image-730\" alt=\"\" srcset=\"https:\/\/www.principiumlife.com\/es\/wp-content\/uploads\/sites\/3\/2023\/07\/img-coppia-banner-1024x675.webp 1024w, https:\/\/www.principiumlife.com\/es\/wp-content\/uploads\/sites\/3\/2023\/07\/img-coppia-banner-300x198.webp 300w, https:\/\/www.principiumlife.com\/es\/wp-content\/uploads\/sites\/3\/2023\/07\/img-coppia-banner-768x506.webp 768w, https:\/\/www.principiumlife.com\/es\/wp-content\/uploads\/sites\/3\/2023\/07\/img-coppia-banner-1536x1013.webp 1536w, https:\/\/www.principiumlife.com\/es\/wp-content\/uploads\/sites\/3\/2023\/07\/img-coppia-banner.webp 1638w\" sizes=\"(max-width: 1024px) 100vw, 1024px\" \/>\t\t\t\t\t\t\t\t\t\t\t\t\t\t\t<\/div>\n\t\t\t\t<\/div>\n\t\t\t\t\t<\/div>\n\t\t<\/div>\n\t\t\t\t<div class=\"elementor-column elementor-col-50 elementor-top-column elementor-element elementor-element-95e307d\" data-id=\"95e307d\" data-element_type=\"column\" data-e-type=\"column\">\n\t\t\t<div class=\"elementor-widget-wrap elementor-element-populated\">\n\t\t\t\t\t\t<div class=\"elementor-element elementor-element-529e4a6 elementor-widget elementor-widget-heading\" data-id=\"529e4a6\" data-element_type=\"widget\" data-e-type=\"widget\" data-widget_type=\"heading.default\">\n\t\t\t\t<div class=\"elementor-widget-container\">\n\t\t\t\t\t<h2 class=\"elementor-heading-title elementor-size-default\">Crea tu rutina de bienestar<\/h2>\t\t\t\t<\/div>\n\t\t\t\t<\/div>\n\t\t\t\t<div class=\"elementor-element elementor-element-0ef8319 elementor-widget elementor-widget-heading\" data-id=\"0ef8319\" data-element_type=\"widget\" data-e-type=\"widget\" data-widget_type=\"heading.default\">\n\t\t\t\t<div class=\"elementor-widget-container\">\n\t\t\t\t\t<h3 class=\"elementor-heading-title elementor-size-default\">Descubre el protocolo adecuado para ti.<\/h3>\t\t\t\t<\/div>\n\t\t\t\t<\/div>\n\t\t\t\t<div class=\"elementor-element elementor-element-3fa116c elementor-align-center elementor-widget elementor-widget-button\" data-id=\"3fa116c\" data-element_type=\"widget\" data-e-type=\"widget\" data-widget_type=\"button.default\">\n\t\t\t\t<div class=\"elementor-widget-container\">\n\t\t\t\t\t\t\t\t\t<div class=\"elementor-button-wrapper\">\n\t\t\t\t\t<a class=\"elementor-button elementor-button-link elementor-size-sm\" href=\"\/es\/protocolos-principium\/\">\n\t\t\t\t\t\t<span class=\"elementor-button-content-wrapper\">\n\t\t\t\t\t\t\t\t\t<span class=\"elementor-button-text\">Empieza ahora<\/span>\n\t\t\t\t\t<\/span>\n\t\t\t\t\t<\/a>\n\t\t\t\t<\/div>\n\t\t\t\t\t\t\t\t<\/div>\n\t\t\t\t<\/div>\n\t\t\t\t\t<\/div>\n\t\t<\/div>\n\t\t\t\t\t<\/div>\n\t\t<\/section>\n\t\t\t\t<\/div>\n\t\t","protected":false},"excerpt":{"rendered":"<p>\u00bfSab\u00edas que existen diferentes fuentes de magnesio? Hay 4, tambi\u00e9n conocidas como \u00absales de magnesio\u00bb: descubre cu\u00e1l es la diferencia y qu\u00e9 cambia en la ingesta.<\/p>\n","protected":false},"author":8,"featured_media":14736,"comment_status":"closed","ping_status":"open","sticky":false,"template":"elementor_header_footer","format":"standard","meta":{"site-sidebar-layout":"default","site-content-layout":"","ast-site-content-layout":"default","site-content-style":"default","site-sidebar-style":"default","ast-global-header-display":"","ast-banner-title-visibility":"","ast-main-header-display":"","ast-hfb-above-header-display":"","ast-hfb-below-header-display":"","ast-hfb-mobile-header-display":"","site-post-title":"","ast-breadcrumbs-content":"","ast-featured-img":"","footer-sml-layout":"","ast-disable-related-posts":"","theme-transparent-header-meta":"","adv-header-id-meta":"","stick-header-meta":"","header-above-stick-meta":"","header-main-stick-meta":"","header-below-stick-meta":"","astra-migrate-meta-layouts":"set","ast-page-background-enabled":"default","ast-page-background-meta":{"desktop":{"background-color":"var(--ast-global-color-4)","background-image":"","background-repeat":"repeat","background-position":"center center","background-size":"auto","background-attachment":"scroll","background-type":"","background-media":"","overlay-type":"","overlay-color":"","overlay-opacity":"","overlay-gradient":""},"tablet":{"background-color":"","background-image":"","background-repeat":"repeat","background-position":"center center","background-size":"auto","background-attachment":"scroll","background-type":"","background-media":"","overlay-type":"","overlay-color":"","overlay-opacity":"","overlay-gradient":""},"mobile":{"background-color":"","background-image":"","background-repeat":"repeat","background-position":"center center","background-size":"auto","background-attachment":"scroll","background-type":"","background-media":"","overlay-type":"","overlay-color":"","overlay-opacity":"","overlay-gradient":""}},"ast-content-background-meta":{"desktop":{"background-color":"var(--ast-global-color-5)","background-image":"","background-repeat":"repeat","background-position":"center center","background-size":"auto","background-attachment":"scroll","background-type":"","background-media":"","overlay-type":"","overlay-color":"","overlay-opacity":"","overlay-gradient":""},"tablet":{"background-color":"var(--ast-global-color-5)","background-image":"","background-repeat":"repeat","background-position":"center center","background-size":"auto","background-attachment":"scroll","background-type":"","background-media":"","overlay-type":"","overlay-color":"","overlay-opacity":"","overlay-gradient":""},"mobile":{"background-color":"var(--ast-global-color-5)","background-image":"","background-repeat":"repeat","background-position":"center center","background-size":"auto","background-attachment":"scroll","background-type":"","background-media":"","overlay-type":"","overlay-color":"","overlay-opacity":"","overlay-gradient":""}},"footnotes":""},"categories":[23,26,22],"tags":[31],"class_list":["post-14735","post","type-post","status-publish","format-standard","has-post-thumbnail","hentry","category-fatiga","category-ingredientes-activos","category-perspectivas","tag-renforzar-inmunitario-evidenza"],"yoast_head":"<!-- This site is optimized with the Yoast SEO plugin v27.5 - https:\/\/yoast.com\/product\/yoast-seo-wordpress\/ -->\n<title>C\u00f3mo reforzar el sistema inmunitario en invierno<\/title>\n<meta name=\"description\" content=\"Refuerza el sistema inmunitario frente a resfriados y gripe con h\u00e1bitos saludables y vitaminas clave. Descubre los beneficios de la Vitamina C de liberaci\u00f3n gradual.\" \/>\n<meta name=\"robots\" content=\"index, follow, max-snippet:-1, max-image-preview:large, max-video-preview:-1\" \/>\n<link rel=\"canonical\" href=\"https:\/\/www.principiumlife.com\/es\/perspectivas\/como-reforzar-el-sistema-inmunitario-en-invierno\/\" \/>\n<meta property=\"og:locale\" content=\"es_ES\" \/>\n<meta property=\"og:type\" content=\"article\" \/>\n<meta property=\"og:title\" content=\"C\u00f3mo reforzar el sistema inmunitario en invierno\" \/>\n<meta property=\"og:description\" content=\"Refuerza el sistema inmunitario frente a resfriados y gripe con h\u00e1bitos saludables y vitaminas clave. Descubre los beneficios de la Vitamina C de liberaci\u00f3n gradual.\" \/>\n<meta property=\"og:url\" content=\"https:\/\/www.principiumlife.com\/es\/perspectivas\/como-reforzar-el-sistema-inmunitario-en-invierno\/\" \/>\n<meta property=\"og:site_name\" content=\"Principium Life Espa\u00f1a\" \/>\n<meta property=\"article:published_time\" content=\"2025-12-01T09:00:00+00:00\" \/>\n<meta property=\"og:image\" content=\"https:\/\/www.principiumlife.com\/es\/wp-content\/uploads\/sites\/3\/2025\/09\/uomo-con-raffreddore-sistema-immunitario-debole.jpg\" \/>\n\t<meta property=\"og:image:width\" content=\"1920\" \/>\n\t<meta property=\"og:image:height\" content=\"1281\" \/>\n\t<meta property=\"og:image:type\" content=\"image\/jpeg\" \/>\n<meta name=\"author\" content=\"Beatrice e Francesca\" \/>\n<meta name=\"twitter:card\" content=\"summary_large_image\" \/>\n<meta name=\"twitter:label1\" content=\"Escrito por\" \/>\n\t<meta name=\"twitter:data1\" content=\"Beatrice e Francesca\" \/>\n\t<meta name=\"twitter:label2\" content=\"Tiempo de lectura\" \/>\n\t<meta name=\"twitter:data2\" content=\"5 minutos\" \/>\n<script type=\"application\/ld+json\" class=\"yoast-schema-graph\">{\"@context\":\"https:\\\/\\\/schema.org\",\"@graph\":[{\"@type\":\"Article\",\"@id\":\"https:\\\/\\\/www.principiumlife.com\\\/es\\\/perspectivas\\\/como-reforzar-el-sistema-inmunitario-en-invierno\\\/#article\",\"isPartOf\":{\"@id\":\"https:\\\/\\\/www.principiumlife.com\\\/es\\\/perspectivas\\\/como-reforzar-el-sistema-inmunitario-en-invierno\\\/\"},\"author\":{\"name\":\"Beatrice e Francesca\",\"@id\":\"https:\\\/\\\/www.principiumlife.com\\\/es\\\/#\\\/schema\\\/person\\\/518c45cea1932910727661caf96d31a7\"},\"headline\":\"C\u00f3mo reforzar el sistema inmunitario\",\"datePublished\":\"2025-12-01T09:00:00+00:00\",\"mainEntityOfPage\":{\"@id\":\"https:\\\/\\\/www.principiumlife.com\\\/es\\\/perspectivas\\\/como-reforzar-el-sistema-inmunitario-en-invierno\\\/\"},\"wordCount\":819,\"publisher\":{\"@id\":\"https:\\\/\\\/www.principiumlife.com\\\/es\\\/#organization\"},\"image\":{\"@id\":\"https:\\\/\\\/www.principiumlife.com\\\/es\\\/perspectivas\\\/como-reforzar-el-sistema-inmunitario-en-invierno\\\/#primaryimage\"},\"thumbnailUrl\":\"https:\\\/\\\/www.principiumlife.com\\\/es\\\/wp-content\\\/uploads\\\/sites\\\/3\\\/2025\\\/09\\\/uomo-con-raffreddore-sistema-immunitario-debole.jpg\",\"keywords\":[\"renforzar-inmunitario-evidenza\"],\"articleSection\":[\"fatiga\",\"ingredientes-activos\",\"perspectivas\"],\"inLanguage\":\"es\"},{\"@type\":\"WebPage\",\"@id\":\"https:\\\/\\\/www.principiumlife.com\\\/es\\\/perspectivas\\\/como-reforzar-el-sistema-inmunitario-en-invierno\\\/\",\"url\":\"https:\\\/\\\/www.principiumlife.com\\\/es\\\/perspectivas\\\/como-reforzar-el-sistema-inmunitario-en-invierno\\\/\",\"name\":\"C\u00f3mo reforzar el sistema inmunitario en invierno\",\"isPartOf\":{\"@id\":\"https:\\\/\\\/www.principiumlife.com\\\/es\\\/#website\"},\"primaryImageOfPage\":{\"@id\":\"https:\\\/\\\/www.principiumlife.com\\\/es\\\/perspectivas\\\/como-reforzar-el-sistema-inmunitario-en-invierno\\\/#primaryimage\"},\"image\":{\"@id\":\"https:\\\/\\\/www.principiumlife.com\\\/es\\\/perspectivas\\\/como-reforzar-el-sistema-inmunitario-en-invierno\\\/#primaryimage\"},\"thumbnailUrl\":\"https:\\\/\\\/www.principiumlife.com\\\/es\\\/wp-content\\\/uploads\\\/sites\\\/3\\\/2025\\\/09\\\/uomo-con-raffreddore-sistema-immunitario-debole.jpg\",\"datePublished\":\"2025-12-01T09:00:00+00:00\",\"description\":\"Refuerza el sistema inmunitario frente a resfriados y gripe con h\u00e1bitos saludables y vitaminas clave. Descubre los beneficios de la Vitamina C de liberaci\u00f3n gradual.\",\"breadcrumb\":{\"@id\":\"https:\\\/\\\/www.principiumlife.com\\\/es\\\/perspectivas\\\/como-reforzar-el-sistema-inmunitario-en-invierno\\\/#breadcrumb\"},\"inLanguage\":\"es\",\"potentialAction\":[{\"@type\":\"ReadAction\",\"target\":[\"https:\\\/\\\/www.principiumlife.com\\\/es\\\/perspectivas\\\/como-reforzar-el-sistema-inmunitario-en-invierno\\\/\"]}]},{\"@type\":\"ImageObject\",\"inLanguage\":\"es\",\"@id\":\"https:\\\/\\\/www.principiumlife.com\\\/es\\\/perspectivas\\\/como-reforzar-el-sistema-inmunitario-en-invierno\\\/#primaryimage\",\"url\":\"https:\\\/\\\/www.principiumlife.com\\\/es\\\/wp-content\\\/uploads\\\/sites\\\/3\\\/2025\\\/09\\\/uomo-con-raffreddore-sistema-immunitario-debole.jpg\",\"contentUrl\":\"https:\\\/\\\/www.principiumlife.com\\\/es\\\/wp-content\\\/uploads\\\/sites\\\/3\\\/2025\\\/09\\\/uomo-con-raffreddore-sistema-immunitario-debole.jpg\",\"width\":1920,\"height\":1281},{\"@type\":\"BreadcrumbList\",\"@id\":\"https:\\\/\\\/www.principiumlife.com\\\/es\\\/perspectivas\\\/como-reforzar-el-sistema-inmunitario-en-invierno\\\/#breadcrumb\",\"itemListElement\":[{\"@type\":\"ListItem\",\"position\":1,\"name\":\"Home\",\"item\":\"https:\\\/\\\/www.principiumlife.com\\\/es\\\/\"},{\"@type\":\"ListItem\",\"position\":2,\"name\":\"C\u00f3mo reforzar el sistema inmunitario\"}]},{\"@type\":\"WebSite\",\"@id\":\"https:\\\/\\\/www.principiumlife.com\\\/es\\\/#website\",\"url\":\"https:\\\/\\\/www.principiumlife.com\\\/es\\\/\",\"name\":\"Principium Life Espa\u00f1a\",\"description\":\"\",\"publisher\":{\"@id\":\"https:\\\/\\\/www.principiumlife.com\\\/es\\\/#organization\"},\"potentialAction\":[{\"@type\":\"SearchAction\",\"target\":{\"@type\":\"EntryPoint\",\"urlTemplate\":\"https:\\\/\\\/www.principiumlife.com\\\/es\\\/?s={search_term_string}\"},\"query-input\":{\"@type\":\"PropertyValueSpecification\",\"valueRequired\":true,\"valueName\":\"search_term_string\"}}],\"inLanguage\":\"es\"},{\"@type\":\"Organization\",\"@id\":\"https:\\\/\\\/www.principiumlife.com\\\/es\\\/#organization\",\"name\":\"Principium Life Espa\u00f1a\",\"url\":\"https:\\\/\\\/www.principiumlife.com\\\/es\\\/\",\"logo\":{\"@type\":\"ImageObject\",\"inLanguage\":\"es\",\"@id\":\"https:\\\/\\\/www.principiumlife.com\\\/es\\\/#\\\/schema\\\/logo\\\/image\\\/\",\"url\":\"https:\\\/\\\/www.principiumlife.com\\\/es\\\/wp-content\\\/uploads\\\/sites\\\/3\\\/2023\\\/04\\\/logo-principium-white.png\",\"contentUrl\":\"https:\\\/\\\/www.principiumlife.com\\\/es\\\/wp-content\\\/uploads\\\/sites\\\/3\\\/2023\\\/04\\\/logo-principium-white.png\",\"width\":308,\"height\":101,\"caption\":\"Principium Life Espa\u00f1a\"},\"image\":{\"@id\":\"https:\\\/\\\/www.principiumlife.com\\\/es\\\/#\\\/schema\\\/logo\\\/image\\\/\"}},{\"@type\":\"Person\",\"@id\":\"https:\\\/\\\/www.principiumlife.com\\\/es\\\/#\\\/schema\\\/person\\\/518c45cea1932910727661caf96d31a7\",\"name\":\"Beatrice e Francesca\",\"image\":{\"@type\":\"ImageObject\",\"inLanguage\":\"es\",\"@id\":\"https:\\\/\\\/secure.gravatar.com\\\/avatar\\\/18b7405a833e113757f075ed39e42cbf32a52e15328a46520e91e6471ffdcdf9?s=96&d=mm&r=g\",\"url\":\"https:\\\/\\\/secure.gravatar.com\\\/avatar\\\/18b7405a833e113757f075ed39e42cbf32a52e15328a46520e91e6471ffdcdf9?s=96&d=mm&r=g\",\"contentUrl\":\"https:\\\/\\\/secure.gravatar.com\\\/avatar\\\/18b7405a833e113757f075ed39e42cbf32a52e15328a46520e91e6471ffdcdf9?s=96&d=mm&r=g\",\"caption\":\"Beatrice e Francesca\"}}]}<\/script>\n<!-- \/ Yoast SEO plugin. -->","yoast_head_json":{"title":"C\u00f3mo reforzar el sistema inmunitario en invierno","description":"Refuerza el sistema inmunitario frente a resfriados y gripe con h\u00e1bitos saludables y vitaminas clave. Descubre los beneficios de la Vitamina C de liberaci\u00f3n gradual.","robots":{"index":"index","follow":"follow","max-snippet":"max-snippet:-1","max-image-preview":"max-image-preview:large","max-video-preview":"max-video-preview:-1"},"canonical":"https:\/\/www.principiumlife.com\/es\/perspectivas\/como-reforzar-el-sistema-inmunitario-en-invierno\/","og_locale":"es_ES","og_type":"article","og_title":"C\u00f3mo reforzar el sistema inmunitario en invierno","og_description":"Refuerza el sistema inmunitario frente a resfriados y gripe con h\u00e1bitos saludables y vitaminas clave. Descubre los beneficios de la Vitamina C de liberaci\u00f3n gradual.","og_url":"https:\/\/www.principiumlife.com\/es\/perspectivas\/como-reforzar-el-sistema-inmunitario-en-invierno\/","og_site_name":"Principium Life Espa\u00f1a","article_published_time":"2025-12-01T09:00:00+00:00","og_image":[{"width":1920,"height":1281,"url":"https:\/\/www.principiumlife.com\/es\/wp-content\/uploads\/sites\/3\/2025\/09\/uomo-con-raffreddore-sistema-immunitario-debole.jpg","type":"image\/jpeg"}],"author":"Beatrice e Francesca","twitter_card":"summary_large_image","twitter_misc":{"Escrito por":"Beatrice e Francesca","Tiempo de lectura":"5 minutos"},"schema":{"@context":"https:\/\/schema.org","@graph":[{"@type":"Article","@id":"https:\/\/www.principiumlife.com\/es\/perspectivas\/como-reforzar-el-sistema-inmunitario-en-invierno\/#article","isPartOf":{"@id":"https:\/\/www.principiumlife.com\/es\/perspectivas\/como-reforzar-el-sistema-inmunitario-en-invierno\/"},"author":{"name":"Beatrice e Francesca","@id":"https:\/\/www.principiumlife.com\/es\/#\/schema\/person\/518c45cea1932910727661caf96d31a7"},"headline":"C\u00f3mo reforzar el sistema inmunitario","datePublished":"2025-12-01T09:00:00+00:00","mainEntityOfPage":{"@id":"https:\/\/www.principiumlife.com\/es\/perspectivas\/como-reforzar-el-sistema-inmunitario-en-invierno\/"},"wordCount":819,"publisher":{"@id":"https:\/\/www.principiumlife.com\/es\/#organization"},"image":{"@id":"https:\/\/www.principiumlife.com\/es\/perspectivas\/como-reforzar-el-sistema-inmunitario-en-invierno\/#primaryimage"},"thumbnailUrl":"https:\/\/www.principiumlife.com\/es\/wp-content\/uploads\/sites\/3\/2025\/09\/uomo-con-raffreddore-sistema-immunitario-debole.jpg","keywords":["renforzar-inmunitario-evidenza"],"articleSection":["fatiga","ingredientes-activos","perspectivas"],"inLanguage":"es"},{"@type":"WebPage","@id":"https:\/\/www.principiumlife.com\/es\/perspectivas\/como-reforzar-el-sistema-inmunitario-en-invierno\/","url":"https:\/\/www.principiumlife.com\/es\/perspectivas\/como-reforzar-el-sistema-inmunitario-en-invierno\/","name":"C\u00f3mo reforzar el sistema inmunitario en invierno","isPartOf":{"@id":"https:\/\/www.principiumlife.com\/es\/#website"},"primaryImageOfPage":{"@id":"https:\/\/www.principiumlife.com\/es\/perspectivas\/como-reforzar-el-sistema-inmunitario-en-invierno\/#primaryimage"},"image":{"@id":"https:\/\/www.principiumlife.com\/es\/perspectivas\/como-reforzar-el-sistema-inmunitario-en-invierno\/#primaryimage"},"thumbnailUrl":"https:\/\/www.principiumlife.com\/es\/wp-content\/uploads\/sites\/3\/2025\/09\/uomo-con-raffreddore-sistema-immunitario-debole.jpg","datePublished":"2025-12-01T09:00:00+00:00","description":"Refuerza el sistema inmunitario frente a resfriados y gripe con h\u00e1bitos saludables y vitaminas clave. Descubre los beneficios de la Vitamina C de liberaci\u00f3n gradual.","breadcrumb":{"@id":"https:\/\/www.principiumlife.com\/es\/perspectivas\/como-reforzar-el-sistema-inmunitario-en-invierno\/#breadcrumb"},"inLanguage":"es","potentialAction":[{"@type":"ReadAction","target":["https:\/\/www.principiumlife.com\/es\/perspectivas\/como-reforzar-el-sistema-inmunitario-en-invierno\/"]}]},{"@type":"ImageObject","inLanguage":"es","@id":"https:\/\/www.principiumlife.com\/es\/perspectivas\/como-reforzar-el-sistema-inmunitario-en-invierno\/#primaryimage","url":"https:\/\/www.principiumlife.com\/es\/wp-content\/uploads\/sites\/3\/2025\/09\/uomo-con-raffreddore-sistema-immunitario-debole.jpg","contentUrl":"https:\/\/www.principiumlife.com\/es\/wp-content\/uploads\/sites\/3\/2025\/09\/uomo-con-raffreddore-sistema-immunitario-debole.jpg","width":1920,"height":1281},{"@type":"BreadcrumbList","@id":"https:\/\/www.principiumlife.com\/es\/perspectivas\/como-reforzar-el-sistema-inmunitario-en-invierno\/#breadcrumb","itemListElement":[{"@type":"ListItem","position":1,"name":"Home","item":"https:\/\/www.principiumlife.com\/es\/"},{"@type":"ListItem","position":2,"name":"C\u00f3mo reforzar el sistema inmunitario"}]},{"@type":"WebSite","@id":"https:\/\/www.principiumlife.com\/es\/#website","url":"https:\/\/www.principiumlife.com\/es\/","name":"Principium Life Espa\u00f1a","description":"","publisher":{"@id":"https:\/\/www.principiumlife.com\/es\/#organization"},"potentialAction":[{"@type":"SearchAction","target":{"@type":"EntryPoint","urlTemplate":"https:\/\/www.principiumlife.com\/es\/?s={search_term_string}"},"query-input":{"@type":"PropertyValueSpecification","valueRequired":true,"valueName":"search_term_string"}}],"inLanguage":"es"},{"@type":"Organization","@id":"https:\/\/www.principiumlife.com\/es\/#organization","name":"Principium Life Espa\u00f1a","url":"https:\/\/www.principiumlife.com\/es\/","logo":{"@type":"ImageObject","inLanguage":"es","@id":"https:\/\/www.principiumlife.com\/es\/#\/schema\/logo\/image\/","url":"https:\/\/www.principiumlife.com\/es\/wp-content\/uploads\/sites\/3\/2023\/04\/logo-principium-white.png","contentUrl":"https:\/\/www.principiumlife.com\/es\/wp-content\/uploads\/sites\/3\/2023\/04\/logo-principium-white.png","width":308,"height":101,"caption":"Principium Life Espa\u00f1a"},"image":{"@id":"https:\/\/www.principiumlife.com\/es\/#\/schema\/logo\/image\/"}},{"@type":"Person","@id":"https:\/\/www.principiumlife.com\/es\/#\/schema\/person\/518c45cea1932910727661caf96d31a7","name":"Beatrice e Francesca","image":{"@type":"ImageObject","inLanguage":"es","@id":"https:\/\/secure.gravatar.com\/avatar\/18b7405a833e113757f075ed39e42cbf32a52e15328a46520e91e6471ffdcdf9?s=96&d=mm&r=g","url":"https:\/\/secure.gravatar.com\/avatar\/18b7405a833e113757f075ed39e42cbf32a52e15328a46520e91e6471ffdcdf9?s=96&d=mm&r=g","contentUrl":"https:\/\/secure.gravatar.com\/avatar\/18b7405a833e113757f075ed39e42cbf32a52e15328a46520e91e6471ffdcdf9?s=96&d=mm&r=g","caption":"Beatrice e Francesca"}}]}},"_links":{"self":[{"href":"https:\/\/www.principiumlife.com\/es\/wp-json\/wp\/v2\/posts\/14735","targetHints":{"allow":["GET"]}}],"collection":[{"href":"https:\/\/www.principiumlife.com\/es\/wp-json\/wp\/v2\/posts"}],"about":[{"href":"https:\/\/www.principiumlife.com\/es\/wp-json\/wp\/v2\/types\/post"}],"author":[{"embeddable":true,"href":"https:\/\/www.principiumlife.com\/es\/wp-json\/wp\/v2\/users\/8"}],"replies":[{"embeddable":true,"href":"https:\/\/www.principiumlife.com\/es\/wp-json\/wp\/v2\/comments?post=14735"}],"version-history":[{"count":0,"href":"https:\/\/www.principiumlife.com\/es\/wp-json\/wp\/v2\/posts\/14735\/revisions"}],"wp:featuredmedia":[{"embeddable":true,"href":"https:\/\/www.principiumlife.com\/es\/wp-json\/wp\/v2\/media\/14736"}],"wp:attachment":[{"href":"https:\/\/www.principiumlife.com\/es\/wp-json\/wp\/v2\/media?parent=14735"}],"wp:term":[{"taxonomy":"category","embeddable":true,"href":"https:\/\/www.principiumlife.com\/es\/wp-json\/wp\/v2\/categories?post=14735"},{"taxonomy":"post_tag","embeddable":true,"href":"https:\/\/www.principiumlife.com\/es\/wp-json\/wp\/v2\/tags?post=14735"}],"curies":[{"name":"wp","href":"https:\/\/api.w.org\/{rel}","templated":true}]}}